{"id":22,"date":"2015-06-10T13:51:00","date_gmt":"2015-06-10T11:51:00","guid":{"rendered":""},"modified":"2019-08-14T08:51:13","modified_gmt":"2019-08-14T06:51:13","slug":"touren-der-paessefahrt-2015","status":"publish","type":"post","link":"https:\/\/www.paessefahrt.de\/blog\/2015\/06\/10\/touren-der-paessefahrt-2015\/","title":{"rendered":"Touren der P\u00e4ssefahrt 2015"},"content":{"rendered":"<p>Hier die Aufzeichnungen meiner 3 Touren bei der P\u00e4ssefahrt 2015. Leider schl\u00e4gt Strava ca. 1000 Hm pro Tour drauf, es sollten insgesamt aber trotzdem \u00fcber 10.000 Hm sein:<\/p>\n<p><iframe height='405' width='590' frameborder='0' allowtransparency='true' scrolling='no' src='https:\/\/www.strava.com\/activities\/319598320\/embed\/f53a566f239f38ee40b865a32e8e69691a533a9c'><\/iframe><iframe height='405' width='590' frameborder='0' allowtransparency='true' scrolling='no' src='https:\/\/www.strava.com\/activities\/318953081\/embed\/55ccbb8ee61821636ef90cfdc9019d5eee182a2d'><\/iframe><iframe height='405' width='590' frameborder='0' allowtransparency='true' scrolling='no' src='https:\/\/www.strava.com\/activities\/318267399\/embed\/56b8ebb73ee92c06f4edab126efafbd9f85cc379'><\/iframe><\/p>\n","protected":false},"excerpt":{"rendered":"<p>Hier die Aufzeichnungen meiner 3 Touren bei der P\u00e4ssefahrt 2015. Leider schl\u00e4gt Strava ca. 1000 Hm pro Tour drauf, es[&#8230;]<\/p>\n","protected":false},"author":2,"featured_media":0,"comment_status":"open","ping_status":"open","sticky":false,"template":"","format":"standard","meta":{"_monsterinsights_skip_tracking":false,"_monsterinsights_sitenote_active":false,"_monsterinsights_sitenote_note":"","_monsterinsights_sitenote_category":0,"footnotes":""},"categories":[4],"tags":[],"class_list":["post-22","post","type-post","status-publish","format-standard","hentry","category-dolomiten-2015"],"_links":{"self":[{"href":"https:\/\/www.paessefahrt.de\/blog\/wp-json\/wp\/v2\/posts\/22"}],"collection":[{"href":"https:\/\/www.paessefahrt.de\/blog\/wp-json\/wp\/v2\/posts"}],"about":[{"href":"https:\/\/www.paessefahrt.de\/blog\/wp-json\/wp\/v2\/types\/post"}],"author":[{"embeddable":true,"href":"https:\/\/www.paessefahrt.de\/blog\/wp-json\/wp\/v2\/users\/2"}],"replies":[{"embeddable":true,"href":"https:\/\/www.paessefahrt.de\/blog\/wp-json\/wp\/v2\/comments?post=22"}],"version-history":[{"count":1,"href":"https:\/\/www.paessefahrt.de\/blog\/wp-json\/wp\/v2\/posts\/22\/revisions"}],"predecessor-version":[{"id":159,"href":"https:\/\/www.paessefahrt.de\/blog\/wp-json\/wp\/v2\/posts\/22\/revisions\/159"}],"wp:attachment":[{"href":"https:\/\/www.paessefahrt.de\/blog\/wp-json\/wp\/v2\/media?parent=22"}],"wp:term":[{"taxonomy":"category","embeddable":true,"href":"https:\/\/www.paessefahrt.de\/blog\/wp-json\/wp\/v2\/categories?post=22"},{"taxonomy":"post_tag","embeddable":true,"href":"https:\/\/www.paessefahrt.de\/blog\/wp-json\/wp\/v2\/tags?post=22"}],"curies":[{"name":"wp","href":"https:\/\/api.w.org\/{rel}","templated":true}]}}