{"id":73,"date":"2013-05-23T11:03:00","date_gmt":"2013-05-23T09:03:00","guid":{"rendered":"http:\/\/www.paessefahrt.de\/blog\/2013\/05\/23\/grossglockner-hochalpenstrasse-2504-m\/"},"modified":"2019-09-02T10:44:35","modified_gmt":"2019-09-02T08:44:35","slug":"grossglockner-hochalpenstrasse-2504-m","status":"publish","type":"post","link":"https:\/\/www.paessefahrt.de\/blog\/2013\/05\/23\/grossglockner-hochalpenstrasse-2504-m\/","title":{"rendered":"Gro\u00dfglockner-Hochalpenstra\u00dfe (2504 m)"},"content":{"rendered":"\n<figure class=\"wp-block-image\"><img loading=\"lazy\" decoding=\"async\" width=\"960\" height=\"720\" src=\"https:\/\/www.paessefahrt.de\/blog\/wp-content\/uploads\/2019\/09\/Gro\u00dfglockner-Hochalpenstrasse.jpg\" alt=\"\" class=\"wp-image-362\" srcset=\"https:\/\/www.paessefahrt.de\/blog\/wp-content\/uploads\/2019\/09\/Gro\u00dfglockner-Hochalpenstrasse.jpg 960w, https:\/\/www.paessefahrt.de\/blog\/wp-content\/uploads\/2019\/09\/Gro\u00dfglockner-Hochalpenstrasse-300x225.jpg 300w, https:\/\/www.paessefahrt.de\/blog\/wp-content\/uploads\/2019\/09\/Gro\u00dfglockner-Hochalpenstrasse-768x576.jpg 768w\" sizes=\"(max-width: 960px) 100vw, 960px\" \/><\/figure>\n\n\n\n<p>Markus hat ein paar Bedenken bez\u00fcgl. des Wetters auf dem Gro\u00dfglockner.<\/p>\n\n\n\n<p>Na ja, auf 1900 H\u00f6henmetern mit 10% Steigung wird einem nicht so schnell kalt&#8230;<\/p>\n\n\n\n<p>Und die Abfahrt geht ja schnell \ud83d\ude09<\/p>\n","protected":false},"excerpt":{"rendered":"<p>Markus hat ein paar Bedenken bez\u00fcgl. des Wetters auf dem Gro\u00dfglockner. Na ja, auf 1900 H\u00f6henmetern mit 10% Steigung wird[&#8230;]<\/p>\n","protected":false},"author":2,"featured_media":362,"comment_status":"open","ping_status":"open","sticky":false,"template":"","format":"standard","meta":{"_monsterinsights_skip_tracking":false,"_monsterinsights_sitenote_active":false,"_monsterinsights_sitenote_note":"","_monsterinsights_sitenote_category":0,"footnotes":""},"categories":[6],"tags":[],"class_list":["post-73","post","type-post","status-publish","format-standard","has-post-thumbnail","hentry","category-muenchen-venedig-2013"],"_links":{"self":[{"href":"https:\/\/www.paessefahrt.de\/blog\/wp-json\/wp\/v2\/posts\/73"}],"collection":[{"href":"https:\/\/www.paessefahrt.de\/blog\/wp-json\/wp\/v2\/posts"}],"about":[{"href":"https:\/\/www.paessefahrt.de\/blog\/wp-json\/wp\/v2\/types\/post"}],"author":[{"embeddable":true,"href":"https:\/\/www.paessefahrt.de\/blog\/wp-json\/wp\/v2\/users\/2"}],"replies":[{"embeddable":true,"href":"https:\/\/www.paessefahrt.de\/blog\/wp-json\/wp\/v2\/comments?post=73"}],"version-history":[{"count":1,"href":"https:\/\/www.paessefahrt.de\/blog\/wp-json\/wp\/v2\/posts\/73\/revisions"}],"predecessor-version":[{"id":363,"href":"https:\/\/www.paessefahrt.de\/blog\/wp-json\/wp\/v2\/posts\/73\/revisions\/363"}],"wp:featuredmedia":[{"embeddable":true,"href":"https:\/\/www.paessefahrt.de\/blog\/wp-json\/wp\/v2\/media\/362"}],"wp:attachment":[{"href":"https:\/\/www.paessefahrt.de\/blog\/wp-json\/wp\/v2\/media?parent=73"}],"wp:term":[{"taxonomy":"category","embeddable":true,"href":"https:\/\/www.paessefahrt.de\/blog\/wp-json\/wp\/v2\/categories?post=73"},{"taxonomy":"post_tag","embeddable":true,"href":"https:\/\/www.paessefahrt.de\/blog\/wp-json\/wp\/v2\/tags?post=73"}],"curies":[{"name":"wp","href":"https:\/\/api.w.org\/{rel}","templated":true}]}}