{"id":74,"date":"2013-05-19T16:04:00","date_gmt":"2013-05-19T14:04:00","guid":{"rendered":"http:\/\/www.paessefahrt.de\/blog\/2013\/05\/19\/bald-gehts-los-tourenplan-muenchen-venedig-2013\/"},"modified":"2013-05-19T16:04:00","modified_gmt":"2013-05-19T14:04:00","slug":"bald-gehts-los-tourenplan-muenchen-venedig-2013","status":"publish","type":"post","link":"https:\/\/www.paessefahrt.de\/blog\/2013\/05\/19\/bald-gehts-los-tourenplan-muenchen-venedig-2013\/","title":{"rendered":"Bald geht&#8217;s los: Tourenplan M\u00fcnchen-Venedig 2013"},"content":{"rendered":"<p>Vom 30.05.-01.06 fahren wir in 3 Tagen von M\u00fcnchen nach Venedig. H\u00f6hepunkt der Tour stellt der Gro\u00dfglockner dar, den wir am 2. Tag auf der Etappe von Kaprun nach Cortina \u00fcberschreiten werden.<\/p>\n<p>30.05.: Oberpframmern &#8211; Kaprun, 157 km, 1729 Hm<br \/>31.05.: Kaprun &#8211; Cortina d&#8217;Ampezzo, 166 km, 3500 Hm<br \/>01.06.: Cortina d&#8217;Ampezzo &#8211; Venedig, 165 km, 300 Hm<\/p>\n<p>Die Berichterstattung erfolgt wieder live in diesem Blog!<\/p>\n<p><iframe loading=\"lazy\" frameborder=\"0\" height=\"350\" marginheight=\"0\" marginwidth=\"0\" scrolling=\"no\" src=\"https:\/\/maps.google.de\/maps\/ms?msa=0&amp;msid=209915646185737412818.0004d4d07a7bb3193a26a&amp;ie=UTF8&amp;t=h&amp;ll=46.741355,12.33601&amp;spn=2.59497,1.0449&amp;output=embed\" width=\"425\"><\/iframe><br \/><small><a href=\"https:\/\/maps.google.de\/maps\/ms?msa=0&amp;msid=209915646185737412818.0004d4d07a7bb3193a26a&amp;ie=UTF8&amp;t=h&amp;ll=46.741355,12.33601&amp;spn=2.59497,1.0449&amp;source=embed\" style=\"color: blue; text-align: left;\">M\u00fcnchen-Venedig 2013<\/a> auf einer gr\u00f6\u00dferen Karte anzeigen<\/small><br \/><small><br \/><\/small><\/p>\n","protected":false},"excerpt":{"rendered":"<p>Vom 30.05.-01.06 fahren wir in 3 Tagen von M\u00fcnchen nach Venedig. H\u00f6hepunkt der Tour stellt der Gro\u00dfglockner dar, den wir[&#8230;]<\/p>\n","protected":false},"author":2,"featured_media":0,"comment_status":"open","ping_status":"open","sticky":false,"template":"","format":"standard","meta":{"_monsterinsights_skip_tracking":false,"_monsterinsights_sitenote_active":false,"_monsterinsights_sitenote_note":"","_monsterinsights_sitenote_category":0,"footnotes":""},"categories":[6],"tags":[],"class_list":["post-74","post","type-post","status-publish","format-standard","hentry","category-muenchen-venedig-2013"],"_links":{"self":[{"href":"https:\/\/www.paessefahrt.de\/blog\/wp-json\/wp\/v2\/posts\/74"}],"collection":[{"href":"https:\/\/www.paessefahrt.de\/blog\/wp-json\/wp\/v2\/posts"}],"about":[{"href":"https:\/\/www.paessefahrt.de\/blog\/wp-json\/wp\/v2\/types\/post"}],"author":[{"embeddable":true,"href":"https:\/\/www.paessefahrt.de\/blog\/wp-json\/wp\/v2\/users\/2"}],"replies":[{"embeddable":true,"href":"https:\/\/www.paessefahrt.de\/blog\/wp-json\/wp\/v2\/comments?post=74"}],"version-history":[{"count":0,"href":"https:\/\/www.paessefahrt.de\/blog\/wp-json\/wp\/v2\/posts\/74\/revisions"}],"wp:attachment":[{"href":"https:\/\/www.paessefahrt.de\/blog\/wp-json\/wp\/v2\/media?parent=74"}],"wp:term":[{"taxonomy":"category","embeddable":true,"href":"https:\/\/www.paessefahrt.de\/blog\/wp-json\/wp\/v2\/categories?post=74"},{"taxonomy":"post_tag","embeddable":true,"href":"https:\/\/www.paessefahrt.de\/blog\/wp-json\/wp\/v2\/tags?post=74"}],"curies":[{"name":"wp","href":"https:\/\/api.w.org\/{rel}","templated":true}]}}