{"id":870,"date":"2022-07-03T16:43:52","date_gmt":"2022-07-03T14:43:52","guid":{"rendered":"https:\/\/www.paessefahrt.de\/blog\/?p=870"},"modified":"2022-07-26T17:22:26","modified_gmt":"2022-07-26T15:22:26","slug":"stage-1","status":"publish","type":"post","link":"https:\/\/www.paessefahrt.de\/blog\/2022\/07\/03\/stage-1\/","title":{"rendered":"Stage 1 &#8211; Mont Ventoux"},"content":{"rendered":"\n<p>Der Wecker klingelt um 5:30. Was iss? Ach ja, wie treffen uns um 6 zum mitgebrachten Fr\u00fchst\u00fcck auf der Dachterrasse. Im Tagesverlauf soll es Temperaturen bis zu 37 Grad geben. So wurde die 1. Etappe p\u00fcnktlich um 6:27 er\u00f6ffnet. Allerdings ohne Gunnar, der lieber eine Stunde l\u00e4nger schlafen wollte. Und sowieso der Schnellste ist.<\/p>\n\n\n\n<figure class=\"wp-block-image size-large\"><img loading=\"lazy\" decoding=\"async\" width=\"1024\" height=\"768\" src=\"https:\/\/www.paessefahrt.de\/blog\/wp-content\/uploads\/2022\/07\/FA27342F-834A-4074-ABF1-EB0576F9A00D-1024x768.jpeg\" alt=\"\" class=\"wp-image-871\" srcset=\"https:\/\/www.paessefahrt.de\/blog\/wp-content\/uploads\/2022\/07\/FA27342F-834A-4074-ABF1-EB0576F9A00D-1024x768.jpeg 1024w, https:\/\/www.paessefahrt.de\/blog\/wp-content\/uploads\/2022\/07\/FA27342F-834A-4074-ABF1-EB0576F9A00D-300x225.jpeg 300w, https:\/\/www.paessefahrt.de\/blog\/wp-content\/uploads\/2022\/07\/FA27342F-834A-4074-ABF1-EB0576F9A00D-768x576.jpeg 768w, https:\/\/www.paessefahrt.de\/blog\/wp-content\/uploads\/2022\/07\/FA27342F-834A-4074-ABF1-EB0576F9A00D-1536x1152.jpeg 1536w, https:\/\/www.paessefahrt.de\/blog\/wp-content\/uploads\/2022\/07\/FA27342F-834A-4074-ABF1-EB0576F9A00D-2048x1536.jpeg 2048w\" sizes=\"(max-width: 1024px) 100vw, 1024px\" \/><\/figure>\n\n\n\n<p>Die ersten Kilometer waren super angenehm k\u00fchl und die Morgenstimmung auch nicht ohne.<\/p>\n\n\n\n<figure class=\"wp-block-image size-large\"><img loading=\"lazy\" decoding=\"async\" width=\"1024\" height=\"768\" src=\"https:\/\/www.paessefahrt.de\/blog\/wp-content\/uploads\/2022\/07\/9D409FC9-B3FB-4420-B04B-7DD0EC9B6957-1024x768.jpeg\" alt=\"\" class=\"wp-image-872\" srcset=\"https:\/\/www.paessefahrt.de\/blog\/wp-content\/uploads\/2022\/07\/9D409FC9-B3FB-4420-B04B-7DD0EC9B6957-1024x768.jpeg 1024w, https:\/\/www.paessefahrt.de\/blog\/wp-content\/uploads\/2022\/07\/9D409FC9-B3FB-4420-B04B-7DD0EC9B6957-300x225.jpeg 300w, https:\/\/www.paessefahrt.de\/blog\/wp-content\/uploads\/2022\/07\/9D409FC9-B3FB-4420-B04B-7DD0EC9B6957-768x576.jpeg 768w, https:\/\/www.paessefahrt.de\/blog\/wp-content\/uploads\/2022\/07\/9D409FC9-B3FB-4420-B04B-7DD0EC9B6957-1536x1152.jpeg 1536w, https:\/\/www.paessefahrt.de\/blog\/wp-content\/uploads\/2022\/07\/9D409FC9-B3FB-4420-B04B-7DD0EC9B6957-2048x1536.jpeg 2048w\" sizes=\"(max-width: 1024px) 100vw, 1024px\" \/><\/figure>\n\n\n\n<p>Kurz hinter Bedoin beginnt die Steigung zum Mont Ventoux und wir waren bei weitem nicht die Einzigen, die schon auf dem Rad sa\u00dfen. Die ersten 10km zum Chalet Reynard sind hart mit Steigungsprozenten zwischen 8 und 12%. Danach h\u00f6rt der Wald auf, die Steigung l\u00e4sst nach und wir erhaschen erste Blicke auf den Gipfel.<\/p>\n\n\n\n<figure class=\"wp-block-image size-large\"><img loading=\"lazy\" decoding=\"async\" width=\"1024\" height=\"768\" src=\"https:\/\/www.paessefahrt.de\/blog\/wp-content\/uploads\/2022\/07\/177517A1-03AA-46A8-BD41-44A3D59936E3-1024x768.jpeg\" alt=\"\" class=\"wp-image-877\" srcset=\"https:\/\/www.paessefahrt.de\/blog\/wp-content\/uploads\/2022\/07\/177517A1-03AA-46A8-BD41-44A3D59936E3-1024x768.jpeg 1024w, https:\/\/www.paessefahrt.de\/blog\/wp-content\/uploads\/2022\/07\/177517A1-03AA-46A8-BD41-44A3D59936E3-300x225.jpeg 300w, https:\/\/www.paessefahrt.de\/blog\/wp-content\/uploads\/2022\/07\/177517A1-03AA-46A8-BD41-44A3D59936E3-768x576.jpeg 768w, https:\/\/www.paessefahrt.de\/blog\/wp-content\/uploads\/2022\/07\/177517A1-03AA-46A8-BD41-44A3D59936E3-1536x1152.jpeg 1536w, https:\/\/www.paessefahrt.de\/blog\/wp-content\/uploads\/2022\/07\/177517A1-03AA-46A8-BD41-44A3D59936E3-2048x1536.jpeg 2048w\" sizes=\"(max-width: 1024px) 100vw, 1024px\" \/><\/figure>\n\n\n\n<figure class=\"wp-block-image size-large\"><img loading=\"lazy\" decoding=\"async\" width=\"1024\" height=\"768\" src=\"https:\/\/www.paessefahrt.de\/blog\/wp-content\/uploads\/2022\/07\/1A321272-744C-4523-8996-62B19DBA8DFD-1024x768.jpeg\" alt=\"\" class=\"wp-image-878\" srcset=\"https:\/\/www.paessefahrt.de\/blog\/wp-content\/uploads\/2022\/07\/1A321272-744C-4523-8996-62B19DBA8DFD-1024x768.jpeg 1024w, https:\/\/www.paessefahrt.de\/blog\/wp-content\/uploads\/2022\/07\/1A321272-744C-4523-8996-62B19DBA8DFD-300x225.jpeg 300w, https:\/\/www.paessefahrt.de\/blog\/wp-content\/uploads\/2022\/07\/1A321272-744C-4523-8996-62B19DBA8DFD-768x576.jpeg 768w, https:\/\/www.paessefahrt.de\/blog\/wp-content\/uploads\/2022\/07\/1A321272-744C-4523-8996-62B19DBA8DFD-1536x1152.jpeg 1536w, https:\/\/www.paessefahrt.de\/blog\/wp-content\/uploads\/2022\/07\/1A321272-744C-4523-8996-62B19DBA8DFD-2048x1536.jpeg 2048w\" sizes=\"(max-width: 1024px) 100vw, 1024px\" \/><\/figure>\n\n\n\n<p>Der letzte km ist nochmal besonders steil und dann ist es geschafft.<\/p>\n\n\n\n<figure class=\"wp-block-image size-large\"><img loading=\"lazy\" decoding=\"async\" width=\"768\" height=\"1024\" src=\"https:\/\/www.paessefahrt.de\/blog\/wp-content\/uploads\/2022\/07\/83ECFACC-768D-47C3-AE83-2B6F4045CC1A-768x1024.jpeg\" alt=\"\" class=\"wp-image-879\" srcset=\"https:\/\/www.paessefahrt.de\/blog\/wp-content\/uploads\/2022\/07\/83ECFACC-768D-47C3-AE83-2B6F4045CC1A-768x1024.jpeg 768w, https:\/\/www.paessefahrt.de\/blog\/wp-content\/uploads\/2022\/07\/83ECFACC-768D-47C3-AE83-2B6F4045CC1A-225x300.jpeg 225w, https:\/\/www.paessefahrt.de\/blog\/wp-content\/uploads\/2022\/07\/83ECFACC-768D-47C3-AE83-2B6F4045CC1A-1152x1536.jpeg 1152w, https:\/\/www.paessefahrt.de\/blog\/wp-content\/uploads\/2022\/07\/83ECFACC-768D-47C3-AE83-2B6F4045CC1A-1536x2048.jpeg 1536w, https:\/\/www.paessefahrt.de\/blog\/wp-content\/uploads\/2022\/07\/83ECFACC-768D-47C3-AE83-2B6F4045CC1A-scaled.jpeg 1920w\" sizes=\"(max-width: 768px) 100vw, 768px\" \/><\/figure>\n\n\n\n<figure class=\"wp-block-image size-large\"><img loading=\"lazy\" decoding=\"async\" width=\"1024\" height=\"768\" src=\"https:\/\/www.paessefahrt.de\/blog\/wp-content\/uploads\/2022\/07\/09CE68E9-0089-4C0A-BFDA-0BE317966BD8-1024x768.jpeg\" alt=\"\" class=\"wp-image-880\" srcset=\"https:\/\/www.paessefahrt.de\/blog\/wp-content\/uploads\/2022\/07\/09CE68E9-0089-4C0A-BFDA-0BE317966BD8-1024x768.jpeg 1024w, https:\/\/www.paessefahrt.de\/blog\/wp-content\/uploads\/2022\/07\/09CE68E9-0089-4C0A-BFDA-0BE317966BD8-300x225.jpeg 300w, https:\/\/www.paessefahrt.de\/blog\/wp-content\/uploads\/2022\/07\/09CE68E9-0089-4C0A-BFDA-0BE317966BD8-768x576.jpeg 768w, https:\/\/www.paessefahrt.de\/blog\/wp-content\/uploads\/2022\/07\/09CE68E9-0089-4C0A-BFDA-0BE317966BD8-1536x1152.jpeg 1536w, https:\/\/www.paessefahrt.de\/blog\/wp-content\/uploads\/2022\/07\/09CE68E9-0089-4C0A-BFDA-0BE317966BD8-2048x1536.jpeg 2048w\" sizes=\"(max-width: 1024px) 100vw, 1024px\" \/><\/figure>\n\n\n\n<figure class=\"wp-block-image size-large\"><img loading=\"lazy\" decoding=\"async\" width=\"1024\" height=\"370\" src=\"https:\/\/www.paessefahrt.de\/blog\/wp-content\/uploads\/2022\/07\/CF97D942-7FEC-4FCA-8433-DF867D032A3D-1024x370.jpeg\" alt=\"\" class=\"wp-image-881\" srcset=\"https:\/\/www.paessefahrt.de\/blog\/wp-content\/uploads\/2022\/07\/CF97D942-7FEC-4FCA-8433-DF867D032A3D-1024x370.jpeg 1024w, https:\/\/www.paessefahrt.de\/blog\/wp-content\/uploads\/2022\/07\/CF97D942-7FEC-4FCA-8433-DF867D032A3D-300x108.jpeg 300w, https:\/\/www.paessefahrt.de\/blog\/wp-content\/uploads\/2022\/07\/CF97D942-7FEC-4FCA-8433-DF867D032A3D-768x277.jpeg 768w, https:\/\/www.paessefahrt.de\/blog\/wp-content\/uploads\/2022\/07\/CF97D942-7FEC-4FCA-8433-DF867D032A3D-1536x554.jpeg 1536w, https:\/\/www.paessefahrt.de\/blog\/wp-content\/uploads\/2022\/07\/CF97D942-7FEC-4FCA-8433-DF867D032A3D-2048x739.jpeg 2048w\" sizes=\"(max-width: 1024px) 100vw, 1024px\" \/><\/figure>\n\n\n\n<p>Mit Ralf verbringe ich eine ganze Weile da oben, wir wissen, dass es so angenehme Temperaturen heute nicht mehr geben wird. Am Chalet Reynard treffen wir Georg, J\u00fcrgen und Gunnar und es geht auf einen 20 km lange extrem entspannte Abfahrt.<\/p>\n\n\n\n<p>Der Rest des Tages l\u00e4sst sich leicht zusammenfassen: Anstieg, Abfahrt, Hitze, Hitze, Abfahrt, Anstieg, auf extrem einsamen Stra\u00dfen. Hier noch ein paar Bilder:<\/p>\n\n\n\n<figure class=\"wp-block-image size-large\"><img loading=\"lazy\" decoding=\"async\" width=\"1024\" height=\"768\" src=\"https:\/\/www.paessefahrt.de\/blog\/wp-content\/uploads\/2022\/07\/A2B37082-32ED-4A92-B492-14B5BB528929-1024x768.jpeg\" alt=\"\" class=\"wp-image-886\" srcset=\"https:\/\/www.paessefahrt.de\/blog\/wp-content\/uploads\/2022\/07\/A2B37082-32ED-4A92-B492-14B5BB528929-1024x768.jpeg 1024w, https:\/\/www.paessefahrt.de\/blog\/wp-content\/uploads\/2022\/07\/A2B37082-32ED-4A92-B492-14B5BB528929-300x225.jpeg 300w, https:\/\/www.paessefahrt.de\/blog\/wp-content\/uploads\/2022\/07\/A2B37082-32ED-4A92-B492-14B5BB528929-768x576.jpeg 768w, https:\/\/www.paessefahrt.de\/blog\/wp-content\/uploads\/2022\/07\/A2B37082-32ED-4A92-B492-14B5BB528929-1536x1152.jpeg 1536w, https:\/\/www.paessefahrt.de\/blog\/wp-content\/uploads\/2022\/07\/A2B37082-32ED-4A92-B492-14B5BB528929-2048x1536.jpeg 2048w\" sizes=\"(max-width: 1024px) 100vw, 1024px\" \/><\/figure>\n\n\n\n<figure class=\"wp-block-image size-large\"><img loading=\"lazy\" decoding=\"async\" width=\"1024\" height=\"768\" src=\"https:\/\/www.paessefahrt.de\/blog\/wp-content\/uploads\/2022\/07\/624E2D56-93F3-40B8-992F-5C59AB225938-1024x768.jpeg\" alt=\"\" class=\"wp-image-887\" srcset=\"https:\/\/www.paessefahrt.de\/blog\/wp-content\/uploads\/2022\/07\/624E2D56-93F3-40B8-992F-5C59AB225938-1024x768.jpeg 1024w, https:\/\/www.paessefahrt.de\/blog\/wp-content\/uploads\/2022\/07\/624E2D56-93F3-40B8-992F-5C59AB225938-300x225.jpeg 300w, https:\/\/www.paessefahrt.de\/blog\/wp-content\/uploads\/2022\/07\/624E2D56-93F3-40B8-992F-5C59AB225938-768x576.jpeg 768w, https:\/\/www.paessefahrt.de\/blog\/wp-content\/uploads\/2022\/07\/624E2D56-93F3-40B8-992F-5C59AB225938-1536x1152.jpeg 1536w, https:\/\/www.paessefahrt.de\/blog\/wp-content\/uploads\/2022\/07\/624E2D56-93F3-40B8-992F-5C59AB225938-2048x1536.jpeg 2048w\" sizes=\"(max-width: 1024px) 100vw, 1024px\" \/><\/figure>\n\n\n\n<figure class=\"wp-block-image size-large\"><img loading=\"lazy\" decoding=\"async\" width=\"1024\" height=\"768\" src=\"https:\/\/www.paessefahrt.de\/blog\/wp-content\/uploads\/2022\/07\/07442634-5EDF-4723-8752-DD1096D30AC9-1024x768.jpeg\" alt=\"\" class=\"wp-image-893\" srcset=\"https:\/\/www.paessefahrt.de\/blog\/wp-content\/uploads\/2022\/07\/07442634-5EDF-4723-8752-DD1096D30AC9-1024x768.jpeg 1024w, https:\/\/www.paessefahrt.de\/blog\/wp-content\/uploads\/2022\/07\/07442634-5EDF-4723-8752-DD1096D30AC9-300x225.jpeg 300w, https:\/\/www.paessefahrt.de\/blog\/wp-content\/uploads\/2022\/07\/07442634-5EDF-4723-8752-DD1096D30AC9-768x576.jpeg 768w, https:\/\/www.paessefahrt.de\/blog\/wp-content\/uploads\/2022\/07\/07442634-5EDF-4723-8752-DD1096D30AC9-1536x1152.jpeg 1536w, https:\/\/www.paessefahrt.de\/blog\/wp-content\/uploads\/2022\/07\/07442634-5EDF-4723-8752-DD1096D30AC9-2048x1536.jpeg 2048w\" sizes=\"(max-width: 1024px) 100vw, 1024px\" \/><\/figure>\n\n\n\n<figure class=\"wp-block-image size-large\"><img loading=\"lazy\" decoding=\"async\" width=\"768\" height=\"1024\" src=\"https:\/\/www.paessefahrt.de\/blog\/wp-content\/uploads\/2022\/07\/9DFA06C7-00AE-442B-8404-F6024846F9FB-768x1024.jpeg\" alt=\"\" class=\"wp-image-888\" srcset=\"https:\/\/www.paessefahrt.de\/blog\/wp-content\/uploads\/2022\/07\/9DFA06C7-00AE-442B-8404-F6024846F9FB-768x1024.jpeg 768w, https:\/\/www.paessefahrt.de\/blog\/wp-content\/uploads\/2022\/07\/9DFA06C7-00AE-442B-8404-F6024846F9FB-225x300.jpeg 225w, https:\/\/www.paessefahrt.de\/blog\/wp-content\/uploads\/2022\/07\/9DFA06C7-00AE-442B-8404-F6024846F9FB-1152x1536.jpeg 1152w, https:\/\/www.paessefahrt.de\/blog\/wp-content\/uploads\/2022\/07\/9DFA06C7-00AE-442B-8404-F6024846F9FB-1536x2048.jpeg 1536w, https:\/\/www.paessefahrt.de\/blog\/wp-content\/uploads\/2022\/07\/9DFA06C7-00AE-442B-8404-F6024846F9FB-scaled.jpeg 1920w\" sizes=\"(max-width: 768px) 100vw, 768px\" \/><\/figure>\n\n\n\n<figure class=\"wp-block-image size-large\"><img loading=\"lazy\" decoding=\"async\" width=\"1024\" height=\"768\" src=\"https:\/\/www.paessefahrt.de\/blog\/wp-content\/uploads\/2022\/07\/43733981-FE1F-448B-A8B5-21C5CA93B293-1024x768.jpeg\" alt=\"\" class=\"wp-image-889\" srcset=\"https:\/\/www.paessefahrt.de\/blog\/wp-content\/uploads\/2022\/07\/43733981-FE1F-448B-A8B5-21C5CA93B293-1024x768.jpeg 1024w, https:\/\/www.paessefahrt.de\/blog\/wp-content\/uploads\/2022\/07\/43733981-FE1F-448B-A8B5-21C5CA93B293-300x225.jpeg 300w, https:\/\/www.paessefahrt.de\/blog\/wp-content\/uploads\/2022\/07\/43733981-FE1F-448B-A8B5-21C5CA93B293-768x576.jpeg 768w, https:\/\/www.paessefahrt.de\/blog\/wp-content\/uploads\/2022\/07\/43733981-FE1F-448B-A8B5-21C5CA93B293-1536x1152.jpeg 1536w, https:\/\/www.paessefahrt.de\/blog\/wp-content\/uploads\/2022\/07\/43733981-FE1F-448B-A8B5-21C5CA93B293-2048x1536.jpeg 2048w\" sizes=\"(max-width: 1024px) 100vw, 1024px\" \/><\/figure>\n\n\n\n<figure class=\"wp-block-image size-large\"><img loading=\"lazy\" decoding=\"async\" width=\"1024\" height=\"768\" src=\"https:\/\/www.paessefahrt.de\/blog\/wp-content\/uploads\/2022\/07\/ECD0280C-E5F7-483C-826A-20C6B309409C-1024x768.jpeg\" alt=\"\" class=\"wp-image-890\" srcset=\"https:\/\/www.paessefahrt.de\/blog\/wp-content\/uploads\/2022\/07\/ECD0280C-E5F7-483C-826A-20C6B309409C-1024x768.jpeg 1024w, https:\/\/www.paessefahrt.de\/blog\/wp-content\/uploads\/2022\/07\/ECD0280C-E5F7-483C-826A-20C6B309409C-300x225.jpeg 300w, https:\/\/www.paessefahrt.de\/blog\/wp-content\/uploads\/2022\/07\/ECD0280C-E5F7-483C-826A-20C6B309409C-768x576.jpeg 768w, https:\/\/www.paessefahrt.de\/blog\/wp-content\/uploads\/2022\/07\/ECD0280C-E5F7-483C-826A-20C6B309409C-1536x1152.jpeg 1536w, https:\/\/www.paessefahrt.de\/blog\/wp-content\/uploads\/2022\/07\/ECD0280C-E5F7-483C-826A-20C6B309409C-2048x1536.jpeg 2048w\" sizes=\"(max-width: 1024px) 100vw, 1024px\" \/><\/figure>\n\n\n\n<p>Morgen stehen weniger H\u00f6henmeter an. Daf\u00fcr landschaftliche Highlights wie der Canyon du Verdun. Und sehr hei\u00df wird es wohl auch wieder werden.<\/p>\n\n\n","protected":false},"excerpt":{"rendered":"<p>Der Wecker klingelt um 5:30. Was iss? Ach ja, wie treffen uns um 6 zum mitgebrachten Fr\u00fchst\u00fcck auf der Dachterrasse.[&#8230;]<\/p>\n","protected":false},"author":2,"featured_media":871,"comment_status":"open","ping_status":"open","sticky":false,"template":"","format":"standard","meta":{"_monsterinsights_skip_tracking":false,"_monsterinsights_sitenote_active":false,"_monsterinsights_sitenote_note":"","_monsterinsights_sitenote_category":0,"footnotes":""},"categories":[12],"tags":[],"class_list":["post-870","post","type-post","status-publish","format-standard","has-post-thumbnail","hentry","category-seealpen-2022"],"_links":{"self":[{"href":"https:\/\/www.paessefahrt.de\/blog\/wp-json\/wp\/v2\/posts\/870"}],"collection":[{"href":"https:\/\/www.paessefahrt.de\/blog\/wp-json\/wp\/v2\/posts"}],"about":[{"href":"https:\/\/www.paessefahrt.de\/blog\/wp-json\/wp\/v2\/types\/post"}],"author":[{"embeddable":true,"href":"https:\/\/www.paessefahrt.de\/blog\/wp-json\/wp\/v2\/users\/2"}],"replies":[{"embeddable":true,"href":"https:\/\/www.paessefahrt.de\/blog\/wp-json\/wp\/v2\/comments?post=870"}],"version-history":[{"count":12,"href":"https:\/\/www.paessefahrt.de\/blog\/wp-json\/wp\/v2\/posts\/870\/revisions"}],"predecessor-version":[{"id":946,"href":"https:\/\/www.paessefahrt.de\/blog\/wp-json\/wp\/v2\/posts\/870\/revisions\/946"}],"wp:featuredmedia":[{"embeddable":true,"href":"https:\/\/www.paessefahrt.de\/blog\/wp-json\/wp\/v2\/media\/871"}],"wp:attachment":[{"href":"https:\/\/www.paessefahrt.de\/blog\/wp-json\/wp\/v2\/media?parent=870"}],"wp:term":[{"taxonomy":"category","embeddable":true,"href":"https:\/\/www.paessefahrt.de\/blog\/wp-json\/wp\/v2\/categories?post=870"},{"taxonomy":"post_tag","embeddable":true,"href":"https:\/\/www.paessefahrt.de\/blog\/wp-json\/wp\/v2\/tags?post=870"}],"curies":[{"name":"wp","href":"https:\/\/api.w.org\/{rel}","templated":true}]}}