{"id":923,"date":"2022-07-05T17:26:42","date_gmt":"2022-07-05T15:26:42","guid":{"rendered":"https:\/\/www.paessefahrt.de\/blog\/?p=923"},"modified":"2022-07-26T17:22:08","modified_gmt":"2022-07-26T15:22:08","slug":"stage-3-heading-to-nice","status":"publish","type":"post","link":"https:\/\/www.paessefahrt.de\/blog\/2022\/07\/05\/stage-3-heading-to-nice\/","title":{"rendered":"Stage 3 &#8211; Heading to Nice"},"content":{"rendered":"\n<p>80 km und 1000 Hm abw\u00e4rts h\u00f6ren sich nach Ruhetag an. Zwischen uns und dem Ruhetag lag lediglich noch der Col de Vence, der mit seinen 300 Hm und 5% aber keine wirkliche Herausforderung darstellte. Wobei sich selbst die der Georg sparte, weil er mit dem Begleitfahrzeug direkt einen Radh\u00e4ndler in Grasse aufsuchte, um seine gebrochene Speiche flicken zu lassen.<\/p>\n\n\n\n<figure class=\"wp-block-image size-large\"><img loading=\"lazy\" decoding=\"async\" width=\"1024\" height=\"768\" src=\"https:\/\/www.paessefahrt.de\/blog\/wp-content\/uploads\/2022\/07\/DBE4BB40-BCE9-47EE-95F2-DD67413B3E92-1024x768.jpeg\" alt=\"\" class=\"wp-image-924\" srcset=\"https:\/\/www.paessefahrt.de\/blog\/wp-content\/uploads\/2022\/07\/DBE4BB40-BCE9-47EE-95F2-DD67413B3E92-1024x768.jpeg 1024w, https:\/\/www.paessefahrt.de\/blog\/wp-content\/uploads\/2022\/07\/DBE4BB40-BCE9-47EE-95F2-DD67413B3E92-300x225.jpeg 300w, https:\/\/www.paessefahrt.de\/blog\/wp-content\/uploads\/2022\/07\/DBE4BB40-BCE9-47EE-95F2-DD67413B3E92-768x576.jpeg 768w, https:\/\/www.paessefahrt.de\/blog\/wp-content\/uploads\/2022\/07\/DBE4BB40-BCE9-47EE-95F2-DD67413B3E92-1536x1152.jpeg 1536w, https:\/\/www.paessefahrt.de\/blog\/wp-content\/uploads\/2022\/07\/DBE4BB40-BCE9-47EE-95F2-DD67413B3E92-2048x1536.jpeg 2048w\" sizes=\"(max-width: 1024px) 100vw, 1024px\" \/><\/figure>\n\n\n\n<figure class=\"wp-block-image size-large\"><img loading=\"lazy\" decoding=\"async\" width=\"1024\" height=\"768\" src=\"https:\/\/www.paessefahrt.de\/blog\/wp-content\/uploads\/2022\/07\/F4FBBAEE-4BAF-499D-AD22-4D8BC85A4159-1024x768.jpeg\" alt=\"\" class=\"wp-image-925\" srcset=\"https:\/\/www.paessefahrt.de\/blog\/wp-content\/uploads\/2022\/07\/F4FBBAEE-4BAF-499D-AD22-4D8BC85A4159-1024x768.jpeg 1024w, https:\/\/www.paessefahrt.de\/blog\/wp-content\/uploads\/2022\/07\/F4FBBAEE-4BAF-499D-AD22-4D8BC85A4159-300x225.jpeg 300w, https:\/\/www.paessefahrt.de\/blog\/wp-content\/uploads\/2022\/07\/F4FBBAEE-4BAF-499D-AD22-4D8BC85A4159-768x576.jpeg 768w, https:\/\/www.paessefahrt.de\/blog\/wp-content\/uploads\/2022\/07\/F4FBBAEE-4BAF-499D-AD22-4D8BC85A4159-1536x1152.jpeg 1536w, https:\/\/www.paessefahrt.de\/blog\/wp-content\/uploads\/2022\/07\/F4FBBAEE-4BAF-499D-AD22-4D8BC85A4159-2048x1536.jpeg 2048w\" sizes=\"(max-width: 1024px) 100vw, 1024px\" \/><\/figure>\n\n\n\n<p>Der Rest der Truppe begab sich auf einen recht entspannten halben Radtag durch den Parc naturel r\u00e9gional des Pr\u00e9alpes d&#8217;Azur. Hier muss ich unbedingt im Fr\u00fchjahr nochmal herkommen. Viele einsame Bergstrassen mit angenehmen Steigungen in s\u00fcdlichem Ambiente.<\/p>\n\n\n\n<figure class=\"wp-block-image size-large\"><img loading=\"lazy\" decoding=\"async\" width=\"1007\" height=\"1024\" src=\"https:\/\/www.paessefahrt.de\/blog\/wp-content\/uploads\/2022\/07\/77055DED-84BD-4393-867E-44908CCD5FD5-1007x1024.jpeg\" alt=\"\" class=\"wp-image-926\" srcset=\"https:\/\/www.paessefahrt.de\/blog\/wp-content\/uploads\/2022\/07\/77055DED-84BD-4393-867E-44908CCD5FD5-1007x1024.jpeg 1007w, https:\/\/www.paessefahrt.de\/blog\/wp-content\/uploads\/2022\/07\/77055DED-84BD-4393-867E-44908CCD5FD5-295x300.jpeg 295w, https:\/\/www.paessefahrt.de\/blog\/wp-content\/uploads\/2022\/07\/77055DED-84BD-4393-867E-44908CCD5FD5-768x781.jpeg 768w, https:\/\/www.paessefahrt.de\/blog\/wp-content\/uploads\/2022\/07\/77055DED-84BD-4393-867E-44908CCD5FD5-1510x1536.jpeg 1510w, https:\/\/www.paessefahrt.de\/blog\/wp-content\/uploads\/2022\/07\/77055DED-84BD-4393-867E-44908CCD5FD5-2014x2048.jpeg 2014w\" sizes=\"(max-width: 1007px) 100vw, 1007px\" \/><\/figure>\n\n\n\n<p>Die Entspannung war aber dann schnell vorbei, als es in den Ort Vence ging und wir uns durch den Stadtverkehr zum Meer durchschlagen mussten. Schlie\u00dflich war die Strandpromenade erreicht. Vorbei am Flughafen rollten wir zwischen Radtouristen, Hunden, Halbnackten und Kindern noch 10 km hinein nach Nizza.<\/p>\n\n\n\n<p>Unweigerlich denke ich an unsere Transalp 2011 mit Markus, Achim und Achim, und Martina, die hier endete (siehe <a href=\"https:\/\/www.paessefahrt.de\/blog\/2011\/08\/05\/nizzaaaaaaaaa\/\" data-type=\"post\" data-id=\"78\">Nizzaaaaaaaaa!<\/a>). An dieser Stelle einen herzlichen Gruss und gute Besserung an Markus, der leider kurzfristig absagen musste.<\/p>\n\n\n\n<figure class=\"wp-block-image size-large\"><img loading=\"lazy\" decoding=\"async\" width=\"1024\" height=\"768\" src=\"https:\/\/www.paessefahrt.de\/blog\/wp-content\/uploads\/2022\/07\/B1532FBF-8B27-47E8-9D94-86BAADD5DAD8-1024x768.jpeg\" alt=\"\" class=\"wp-image-927\" srcset=\"https:\/\/www.paessefahrt.de\/blog\/wp-content\/uploads\/2022\/07\/B1532FBF-8B27-47E8-9D94-86BAADD5DAD8-1024x768.jpeg 1024w, https:\/\/www.paessefahrt.de\/blog\/wp-content\/uploads\/2022\/07\/B1532FBF-8B27-47E8-9D94-86BAADD5DAD8-300x225.jpeg 300w, https:\/\/www.paessefahrt.de\/blog\/wp-content\/uploads\/2022\/07\/B1532FBF-8B27-47E8-9D94-86BAADD5DAD8-768x576.jpeg 768w, https:\/\/www.paessefahrt.de\/blog\/wp-content\/uploads\/2022\/07\/B1532FBF-8B27-47E8-9D94-86BAADD5DAD8-1536x1152.jpeg 1536w, https:\/\/www.paessefahrt.de\/blog\/wp-content\/uploads\/2022\/07\/B1532FBF-8B27-47E8-9D94-86BAADD5DAD8-2048x1536.jpeg 2048w\" sizes=\"(max-width: 1024px) 100vw, 1024px\" \/><\/figure>\n\n\n\n<figure class=\"wp-block-image size-large\"><img loading=\"lazy\" decoding=\"async\" width=\"1024\" height=\"768\" src=\"https:\/\/www.paessefahrt.de\/blog\/wp-content\/uploads\/2022\/07\/4646212F-3DF3-41C2-A0F6-39EB9EEE39C3-1024x768.jpeg\" alt=\"\" class=\"wp-image-928\" srcset=\"https:\/\/www.paessefahrt.de\/blog\/wp-content\/uploads\/2022\/07\/4646212F-3DF3-41C2-A0F6-39EB9EEE39C3-1024x768.jpeg 1024w, https:\/\/www.paessefahrt.de\/blog\/wp-content\/uploads\/2022\/07\/4646212F-3DF3-41C2-A0F6-39EB9EEE39C3-300x225.jpeg 300w, https:\/\/www.paessefahrt.de\/blog\/wp-content\/uploads\/2022\/07\/4646212F-3DF3-41C2-A0F6-39EB9EEE39C3-768x576.jpeg 768w, https:\/\/www.paessefahrt.de\/blog\/wp-content\/uploads\/2022\/07\/4646212F-3DF3-41C2-A0F6-39EB9EEE39C3-1536x1152.jpeg 1536w, https:\/\/www.paessefahrt.de\/blog\/wp-content\/uploads\/2022\/07\/4646212F-3DF3-41C2-A0F6-39EB9EEE39C3-2048x1536.jpeg 2048w\" sizes=\"(max-width: 1024px) 100vw, 1024px\" \/><\/figure>\n\n\n\n<p>Uns bleibt heute genug Zeit f\u00fcr ein Bad im Meer und einen entspannten Nachmittag in Nizza. Und wenn sie vor lauter Entspannung nicht gestorben sind, setzen sie sich morgen wieder auf das Rad und streben gen Isola 2000.<\/p>\n\n\n\n<p>Und wenn ich morgen mein Handy noch nicht an die Wand geschmissen habe, weil sich das iPhone und der WordPress-Editor nicht wirklich lieb haben, gibts auch wieder einen Blog-Eintrag \ud83d\ude09<\/p>\n","protected":false},"excerpt":{"rendered":"<p>80 km und 1000 Hm abw\u00e4rts h\u00f6ren sich nach Ruhetag an. Zwischen uns und dem Ruhetag lag lediglich noch der[&#8230;]<\/p>\n","protected":false},"author":2,"featured_media":924,"comment_status":"open","ping_status":"open","sticky":false,"template":"","format":"standard","meta":{"_monsterinsights_skip_tracking":false,"_monsterinsights_sitenote_active":false,"_monsterinsights_sitenote_note":"","_monsterinsights_sitenote_category":0,"footnotes":""},"categories":[12],"tags":[],"class_list":["post-923","post","type-post","status-publish","format-standard","has-post-thumbnail","hentry","category-seealpen-2022"],"_links":{"self":[{"href":"https:\/\/www.paessefahrt.de\/blog\/wp-json\/wp\/v2\/posts\/923"}],"collection":[{"href":"https:\/\/www.paessefahrt.de\/blog\/wp-json\/wp\/v2\/posts"}],"about":[{"href":"https:\/\/www.paessefahrt.de\/blog\/wp-json\/wp\/v2\/types\/post"}],"author":[{"embeddable":true,"href":"https:\/\/www.paessefahrt.de\/blog\/wp-json\/wp\/v2\/users\/2"}],"replies":[{"embeddable":true,"href":"https:\/\/www.paessefahrt.de\/blog\/wp-json\/wp\/v2\/comments?post=923"}],"version-history":[{"count":10,"href":"https:\/\/www.paessefahrt.de\/blog\/wp-json\/wp\/v2\/posts\/923\/revisions"}],"predecessor-version":[{"id":945,"href":"https:\/\/www.paessefahrt.de\/blog\/wp-json\/wp\/v2\/posts\/923\/revisions\/945"}],"wp:featuredmedia":[{"embeddable":true,"href":"https:\/\/www.paessefahrt.de\/blog\/wp-json\/wp\/v2\/media\/924"}],"wp:attachment":[{"href":"https:\/\/www.paessefahrt.de\/blog\/wp-json\/wp\/v2\/media?parent=923"}],"wp:term":[{"taxonomy":"category","embeddable":true,"href":"https:\/\/www.paessefahrt.de\/blog\/wp-json\/wp\/v2\/categories?post=923"},{"taxonomy":"post_tag","embeddable":true,"href":"https:\/\/www.paessefahrt.de\/blog\/wp-json\/wp\/v2\/tags?post=923"}],"curies":[{"name":"wp","href":"https:\/\/api.w.org\/{rel}","templated":true}]}}