{"id":948,"date":"2022-07-07T08:56:58","date_gmt":"2022-07-07T06:56:58","guid":{"rendered":"https:\/\/www.paessefahrt.de\/blog\/?p=948"},"modified":"2022-07-26T17:21:59","modified_gmt":"2022-07-26T15:21:59","slug":"stage-4-isola-2000","status":"publish","type":"post","link":"https:\/\/www.paessefahrt.de\/blog\/2022\/07\/07\/stage-4-isola-2000\/","title":{"rendered":"Stage 4 &#8211; Isola 2000"},"content":{"rendered":"\n<p>95 km aufw\u00e4rts, von 0 auf 2000. Klingt anstrengend und war es auch. Heute ging es endlich ins Hochgebirge, das war sp\u00e4testens sp\u00fcrbar als uns beim Anstieg nach Isola 2000 die frische k\u00fchle Bergluft begr\u00fc\u00dfte und wir die dr\u00fcckende Schw\u00fcle des Mittelmeers hinter uns liessen.<\/p>\n\n\n\n<p>Dazwischen lag noch eine Einkehr im Restaurant mit der unfreundlichsten Bedienung zwischen dem Mittelmeer und dem Genfer See. Aber auch das \u00fcberlebten wir.<\/p>\n\n\n\n<figure class=\"wp-block-image size-large\"><img loading=\"lazy\" decoding=\"async\" width=\"1024\" height=\"768\" src=\"https:\/\/www.paessefahrt.de\/blog\/wp-content\/uploads\/2022\/07\/36EB2B3B-02FE-429D-9A64-E5AC7C950142-1024x768.jpeg\" alt=\"\" class=\"wp-image-949\" srcset=\"https:\/\/www.paessefahrt.de\/blog\/wp-content\/uploads\/2022\/07\/36EB2B3B-02FE-429D-9A64-E5AC7C950142-1024x768.jpeg 1024w, https:\/\/www.paessefahrt.de\/blog\/wp-content\/uploads\/2022\/07\/36EB2B3B-02FE-429D-9A64-E5AC7C950142-300x225.jpeg 300w, https:\/\/www.paessefahrt.de\/blog\/wp-content\/uploads\/2022\/07\/36EB2B3B-02FE-429D-9A64-E5AC7C950142-768x576.jpeg 768w, https:\/\/www.paessefahrt.de\/blog\/wp-content\/uploads\/2022\/07\/36EB2B3B-02FE-429D-9A64-E5AC7C950142-1536x1152.jpeg 1536w, https:\/\/www.paessefahrt.de\/blog\/wp-content\/uploads\/2022\/07\/36EB2B3B-02FE-429D-9A64-E5AC7C950142-2048x1536.jpeg 2048w\" sizes=\"(max-width: 1024px) 100vw, 1024px\" \/><\/figure>\n\n\n\n<figure class=\"wp-block-image size-large\"><img loading=\"lazy\" decoding=\"async\" width=\"1024\" height=\"768\" src=\"https:\/\/www.paessefahrt.de\/blog\/wp-content\/uploads\/2022\/07\/B057F4F8-EDF3-4F0C-9227-053859757590-1024x768.jpeg\" alt=\"\" class=\"wp-image-950\" srcset=\"https:\/\/www.paessefahrt.de\/blog\/wp-content\/uploads\/2022\/07\/B057F4F8-EDF3-4F0C-9227-053859757590-1024x768.jpeg 1024w, https:\/\/www.paessefahrt.de\/blog\/wp-content\/uploads\/2022\/07\/B057F4F8-EDF3-4F0C-9227-053859757590-300x225.jpeg 300w, https:\/\/www.paessefahrt.de\/blog\/wp-content\/uploads\/2022\/07\/B057F4F8-EDF3-4F0C-9227-053859757590-768x576.jpeg 768w, https:\/\/www.paessefahrt.de\/blog\/wp-content\/uploads\/2022\/07\/B057F4F8-EDF3-4F0C-9227-053859757590-1536x1152.jpeg 1536w, https:\/\/www.paessefahrt.de\/blog\/wp-content\/uploads\/2022\/07\/B057F4F8-EDF3-4F0C-9227-053859757590-2048x1536.jpeg 2048w\" sizes=\"(max-width: 1024px) 100vw, 1024px\" \/><\/figure>\n\n\n\n<figure class=\"wp-block-image size-large\"><img loading=\"lazy\" decoding=\"async\" width=\"768\" height=\"1024\" src=\"https:\/\/www.paessefahrt.de\/blog\/wp-content\/uploads\/2022\/07\/499C409A-48DD-4536-B8C9-4AC1340688F8-768x1024.jpeg\" alt=\"\" class=\"wp-image-951\" srcset=\"https:\/\/www.paessefahrt.de\/blog\/wp-content\/uploads\/2022\/07\/499C409A-48DD-4536-B8C9-4AC1340688F8-768x1024.jpeg 768w, https:\/\/www.paessefahrt.de\/blog\/wp-content\/uploads\/2022\/07\/499C409A-48DD-4536-B8C9-4AC1340688F8-225x300.jpeg 225w, https:\/\/www.paessefahrt.de\/blog\/wp-content\/uploads\/2022\/07\/499C409A-48DD-4536-B8C9-4AC1340688F8-1152x1536.jpeg 1152w, https:\/\/www.paessefahrt.de\/blog\/wp-content\/uploads\/2022\/07\/499C409A-48DD-4536-B8C9-4AC1340688F8-1536x2048.jpeg 1536w, https:\/\/www.paessefahrt.de\/blog\/wp-content\/uploads\/2022\/07\/499C409A-48DD-4536-B8C9-4AC1340688F8-scaled.jpeg 1920w\" sizes=\"(max-width: 768px) 100vw, 768px\" \/><\/figure>\n\n\n\n<figure class=\"wp-block-image size-large\"><img loading=\"lazy\" decoding=\"async\" width=\"1024\" height=\"768\" src=\"https:\/\/www.paessefahrt.de\/blog\/wp-content\/uploads\/2022\/07\/61E5A93E-4CF2-404F-8CBE-7639ED8AD504-1024x768.jpeg\" alt=\"\" class=\"wp-image-952\" srcset=\"https:\/\/www.paessefahrt.de\/blog\/wp-content\/uploads\/2022\/07\/61E5A93E-4CF2-404F-8CBE-7639ED8AD504-1024x768.jpeg 1024w, https:\/\/www.paessefahrt.de\/blog\/wp-content\/uploads\/2022\/07\/61E5A93E-4CF2-404F-8CBE-7639ED8AD504-300x225.jpeg 300w, https:\/\/www.paessefahrt.de\/blog\/wp-content\/uploads\/2022\/07\/61E5A93E-4CF2-404F-8CBE-7639ED8AD504-768x576.jpeg 768w, https:\/\/www.paessefahrt.de\/blog\/wp-content\/uploads\/2022\/07\/61E5A93E-4CF2-404F-8CBE-7639ED8AD504-1536x1152.jpeg 1536w, https:\/\/www.paessefahrt.de\/blog\/wp-content\/uploads\/2022\/07\/61E5A93E-4CF2-404F-8CBE-7639ED8AD504-2048x1536.jpeg 2048w\" sizes=\"(max-width: 1024px) 100vw, 1024px\" \/><\/figure>\n\n\n\n<figure class=\"wp-block-image size-large\"><img loading=\"lazy\" decoding=\"async\" width=\"768\" height=\"1024\" src=\"https:\/\/www.paessefahrt.de\/blog\/wp-content\/uploads\/2022\/07\/CAE34D53-AAC8-4B9F-86F6-E4C01952F117-768x1024.jpeg\" alt=\"\" class=\"wp-image-953\" srcset=\"https:\/\/www.paessefahrt.de\/blog\/wp-content\/uploads\/2022\/07\/CAE34D53-AAC8-4B9F-86F6-E4C01952F117-768x1024.jpeg 768w, https:\/\/www.paessefahrt.de\/blog\/wp-content\/uploads\/2022\/07\/CAE34D53-AAC8-4B9F-86F6-E4C01952F117-225x300.jpeg 225w, https:\/\/www.paessefahrt.de\/blog\/wp-content\/uploads\/2022\/07\/CAE34D53-AAC8-4B9F-86F6-E4C01952F117-1152x1536.jpeg 1152w, https:\/\/www.paessefahrt.de\/blog\/wp-content\/uploads\/2022\/07\/CAE34D53-AAC8-4B9F-86F6-E4C01952F117-1536x2048.jpeg 1536w, https:\/\/www.paessefahrt.de\/blog\/wp-content\/uploads\/2022\/07\/CAE34D53-AAC8-4B9F-86F6-E4C01952F117-scaled.jpeg 1920w\" sizes=\"(max-width: 768px) 100vw, 768px\" \/><\/figure>\n","protected":false},"excerpt":{"rendered":"<p>95 km aufw\u00e4rts, von 0 auf 2000. Klingt anstrengend und war es auch. Heute ging es endlich ins Hochgebirge, das[&#8230;]<\/p>\n","protected":false},"author":2,"featured_media":949,"comment_status":"open","ping_status":"open","sticky":false,"template":"","format":"standard","meta":{"_monsterinsights_skip_tracking":false,"_monsterinsights_sitenote_active":false,"_monsterinsights_sitenote_note":"","_monsterinsights_sitenote_category":0,"footnotes":""},"categories":[12],"tags":[],"class_list":["post-948","post","type-post","status-publish","format-standard","has-post-thumbnail","hentry","category-seealpen-2022"],"_links":{"self":[{"href":"https:\/\/www.paessefahrt.de\/blog\/wp-json\/wp\/v2\/posts\/948"}],"collection":[{"href":"https:\/\/www.paessefahrt.de\/blog\/wp-json\/wp\/v2\/posts"}],"about":[{"href":"https:\/\/www.paessefahrt.de\/blog\/wp-json\/wp\/v2\/types\/post"}],"author":[{"embeddable":true,"href":"https:\/\/www.paessefahrt.de\/blog\/wp-json\/wp\/v2\/users\/2"}],"replies":[{"embeddable":true,"href":"https:\/\/www.paessefahrt.de\/blog\/wp-json\/wp\/v2\/comments?post=948"}],"version-history":[{"count":2,"href":"https:\/\/www.paessefahrt.de\/blog\/wp-json\/wp\/v2\/posts\/948\/revisions"}],"predecessor-version":[{"id":956,"href":"https:\/\/www.paessefahrt.de\/blog\/wp-json\/wp\/v2\/posts\/948\/revisions\/956"}],"wp:featuredmedia":[{"embeddable":true,"href":"https:\/\/www.paessefahrt.de\/blog\/wp-json\/wp\/v2\/media\/949"}],"wp:attachment":[{"href":"https:\/\/www.paessefahrt.de\/blog\/wp-json\/wp\/v2\/media?parent=948"}],"wp:term":[{"taxonomy":"category","embeddable":true,"href":"https:\/\/www.paessefahrt.de\/blog\/wp-json\/wp\/v2\/categories?post=948"},{"taxonomy":"post_tag","embeddable":true,"href":"https:\/\/www.paessefahrt.de\/blog\/wp-json\/wp\/v2\/tags?post=948"}],"curies":[{"name":"wp","href":"https:\/\/api.w.org\/{rel}","templated":true}]}}